 {"id":25134,"date":"2023-11-11T13:02:03","date_gmt":"2023-11-11T13:02:03","guid":{"rendered":"https:\/\/zinebi.eus\/en\/news\/zinebi-acoge-el-segundo-encuentro-de-catalogos-de-distribucion-autonomicos-de-cortometrajes"},"modified":"2023-11-11T13:04:29","modified_gmt":"2023-11-11T13:04:29","slug":"zinebi-acoge-el-segundo-encuentro-de-catalogos-de-distribucion-autonomicos-de-cortometrajes","status":"publish","type":"post","link":"https:\/\/zinebi.eus\/en\/news\/zinebi-acoge-el-segundo-encuentro-de-catalogos-de-distribucion-autonomicos-de-cortometrajes","title":{"rendered":"ZINEBI HOSTS THE SECOND AUTONOMOUS COMMUNITY SHORT FILM DISTRIBUTION CATALOGUE ENCOUNTER"},"content":{"rendered":"ZINEBI \u2013 International Festival of Documentary and Short Film of Bilbao, organised by Bilbao Town Hall, brought together representatives of nine regions for the second autonomous community short film distribution catalogue encounter.\r\n\r\nIn the wake of the initial experience in 2022, when ZINEBI arranged a meeting of representatives of a number of autonomous community short film distribution catalogues on the Cantabrian seaboard, this year the event was even larger and more ambitious. This made ZINEBI the venue for presentation of the catalogues Kimuak (Basque Country) \u2013 a State pioneer\u2013, ShortCat (Catalonia), Shortzinema (Community of Navarra), Cantabria en Corto (Cantabria), Curts (Community of Valencia), Quercus (Castilla y Le\u00f3n), Jara (Extremadura), Madrid en Corto (Community of Madrid) and Cat\u00e1logo de Promoci\u00f3n del Audiovisual Andaluz (Andalusia).\r\n\r\nWith the same goal of providing a close-up of the practices and experiences of institutions with common objectives, the event, \u201cPublicising and globalisation of short films: working online among the Autonomous Communities\u201d, was preceded by a presentation of the Cannes Festival Short Film Corner by its most senior representative, Florian Fernandez.\r\n\r\n<div class=\"fake-h3\"><h6>KATHARINA HUBER AT ZIFF \u2013 ZINEBI FIRST FILM<\/h6><\/div>\r\nThe German film <em>A Good Place<\/em> (Ein sch\u00f6ner Ort, 2023) will be State-premiered in the ZIFF \u2013 ZINEBI First Film section. Its director, filmmaker Katharina Huber \u2013 who directed the short film <em>The Natural Death of a Mouse<\/em> (2020) \u2013 took the Cineasti del Presente prize for best up-and-coming director at the 76th Locarno Film Festival (Switzerland) with this obscure uchronia set in a dark oppressive rural environment which seems to be on the verge of disappearing. For the time being, people seem to be fainting away and the radio is constantly sending messages about the imminent launch of a space transporter, which it seems the protagonists (C\u00e9line de Gennaro and another Locarno prizewinner, Clara Schwinning) are going to miss.\r\n\r\nThe film has been scheduled in ZIFF \u2013 ZINEBI First Film, an event featuring works of fiction and documentaries by new directors competing for the 12,000 \u20ac ZIFF Grand Prix and the Young Jury Award (UPV\/EHU \u2013 University of the Basque Country).\r\n\r\nIt will be screened at ZINEBI tomorrow, Sunday 12 November at 19:30 h in Room 5 at the Golem Alh\u00f3ndiga cinemas; and on Wednesday 15 November at 21:45 h in the Guggenheim. \r\n\r\n<div class=\"fake-h3\"><h6>WIN WENDERS AND NICOLAS PHILIBERT IN BEAUTIFUL DOCS<\/h6><\/div>\r\n\r\nIn its documentary section Beautiful Docs, ZINEBI presents <em>Anselm \u2013 Das Rauschen der Zeit<\/em> (2023), the latest creation by celebrated German director Wim Wenders, director of <em>Paris, Texas<\/em> (1984), <em>Tokyo-Ga<\/em> (1985) and <em>Pina <\/em>(2011).\r\n\r\nThe German star of Wenders\u2019 film, Anselm Kiefer, is one of the late 20th century\u2019s leading artists. The Guggenheim Museum staged a memorable anthological exhibition about him 16 years ago in Bilbao, and this may well have made him even more famous there. This year he has agreed to examine his long career in a documentary which the director worked on for two years and which has become, according to Jonathan Romney, \u201cpossibly Wenders\u2019 most personal film in a very long time\u201d. It was premiered in the Official Section at the Cannes Festival and will be State-premiered at ZINEBI.\r\n\r\nThere will be two screenings of the film at ZINEBI: tomorrow, Sunday 12 November at 18:00 h in Room 5 at the Golem Alh\u00f3ndiga cinemas; and on Wednesday 15 November at 19:30 h in the Guggenheim. \r\n\r\nAnd the Beautiful Docs section will also be screening Franco-Japanese film <em>On the Adamant<\/em> (<em>Sur L\u2019 Adamant<\/em>, 2023) by Nicolas Philibert, one of the French documentary maestros of the last few decades, and winner of the Golden Bear award for best film at the last Berlin Festival with this documentary on a unique centre known as Adamant: a floating structure in the Seine in the heart of Paris, used by adults with mental disorders seeking care, assistance and time to recover or keep their emotions under control. The director of the famous \u00catre et avoir (2002) is also a contender for the European Film Academy award for the year\u2019s Best Documentary Feature Film.\r\n\r\nThe film will be screened at ZINEBI tomorrow, Sunday 12 November at 21:00 h in Room 5 at the Golem Alh\u00f3ndiga cinemas; and on Wednesday 15 November at 17:15 h in the Guggenheim. \r\n\r\n<div class=\"fake-h3\"><h6>BLACK BACH ARTSAKH, THE PERFORMANCE<\/h6><\/div>\r\nIn association with the Bilbao art and knowledge office Bulegoa z\/b, ZINEBI will be screening a performance focusing on the Armenian film <em>Black Bach Artsakh<\/em> (2021), a documentary feature film based on interviews with people living in Nagorno-Karabakh, shot in 2007 during an interwar period. \r\n\r\nDuring the performance the directors of the film, Ayreen Anastas and Rene Gabri, will not only present the film, but will also talk to Azar Mahmoudian, a curator born in Iran, with whom they have been working since 2020 on an educational project in the Armenian mountains.\r\n\r\nThe purpose of this dual event is to talk about art and censorship through films as a tool to provide a mouthpiece and publicise contemporary conflicts such as Nagorno-Karabakh which, until a few weeks ago, were far removed from the attention of western communication media.\r\n\r\n","protected":false},"excerpt":{"rendered":"<p>ZINEBI \u2013 International Festival of Documentary and Short Film of Bilbao, organised by Bilbao Town Hall, brought together representatives of nine regions for the second autonomous community short film distribution catalogue encounter. In the wake of the initial experience in 2022, when ZINEBI arranged a meeting of representatives of a number of autonomous community short [&hellip;]<\/p>\n","protected":false},"author":2,"featured_media":25650,"comment_status":"closed","ping_status":"closed","sticky":false,"template":"","format":"standard","meta":{"_acf_changed":false,"footnotes":""},"categories":[377],"tags":[],"class_list":["post-25134","post","type-post","status-publish","format-standard","has-post-thumbnail","hentry","category-uncategorized"],"acf":[],"_links":{"self":[{"href":"https:\/\/zinebi.eus\/en\/wp-json\/wp\/v2\/posts\/25134","targetHints":{"allow":["GET"]}}],"collection":[{"href":"https:\/\/zinebi.eus\/en\/wp-json\/wp\/v2\/posts"}],"about":[{"href":"https:\/\/zinebi.eus\/en\/wp-json\/wp\/v2\/types\/post"}],"author":[{"embeddable":true,"href":"https:\/\/zinebi.eus\/en\/wp-json\/wp\/v2\/users\/2"}],"replies":[{"embeddable":true,"href":"https:\/\/zinebi.eus\/en\/wp-json\/wp\/v2\/comments?post=25134"}],"version-history":[{"count":3,"href":"https:\/\/zinebi.eus\/en\/wp-json\/wp\/v2\/posts\/25134\/revisions"}],"predecessor-version":[{"id":25139,"href":"https:\/\/zinebi.eus\/en\/wp-json\/wp\/v2\/posts\/25134\/revisions\/25139"}],"wp:featuredmedia":[{"embeddable":true,"href":"https:\/\/zinebi.eus\/en\/wp-json\/wp\/v2\/media\/25650"}],"wp:attachment":[{"href":"https:\/\/zinebi.eus\/en\/wp-json\/wp\/v2\/media?parent=25134"}],"wp:term":[{"taxonomy":"category","embeddable":true,"href":"https:\/\/zinebi.eus\/en\/wp-json\/wp\/v2\/categories?post=25134"},{"taxonomy":"post_tag","embeddable":true,"href":"https:\/\/zinebi.eus\/en\/wp-json\/wp\/v2\/tags?post=25134"}],"curies":[{"name":"wp","href":"https:\/\/api.w.org\/{rel}","templated":true}]}}