 {"id":26057,"date":"2023-11-14T09:23:28","date_gmt":"2023-11-14T09:23:28","guid":{"rendered":"https:\/\/zinebi.eus\/en\/news\/la-pelicula-sobre-el-musico-punk-de-zaragoza-manolo-kabezabolo-participa-en-zinebi-dentro-de-la-seccion-bertoko-begiradak-miradas-desde-euskadi"},"modified":"2023-11-14T09:26:32","modified_gmt":"2023-11-14T09:26:32","slug":"la-pelicula-sobre-el-musico-punk-de-zaragoza-manolo-kabezabolo-participa-en-zinebi-dentro-de-la-seccion-bertoko-begiradak-miradas-desde-euskadi","status":"publish","type":"post","link":"https:\/\/zinebi.eus\/en\/news\/la-pelicula-sobre-el-musico-punk-de-zaragoza-manolo-kabezabolo-participa-en-zinebi-dentro-de-la-seccion-bertoko-begiradak-miradas-desde-euskadi","title":{"rendered":"THE FILM ON ZARAGOZA PUNK MUSICIAN MANOLO KABEZABOLO IS A ZINEBI CONTENDER IN THE BERTOKO BEGIRADAK \u2013 VIEWS FROM THE BASQUE COUNTRY SECTION"},"content":{"rendered":"ZINEBI \u2013 International Festival of Documentary and Short Film of Bilbao \u2013 organised by Bilbao Town Hall \u2013 is hosting the presentation of the film Manolo Kabezabolo (<em>Si todav\u00eda te kedan dientes es ke no estuviste ah\u00ed<\/em>), directed by Huesca filmmaker J. Alberto Andr\u00e9s Lacasta and produced by Du Cardelin Studio.\r\n\r\nThe film, which can be seen tomorrow Wednesday 15 November at 20:00 h in the Sala BBK, has arrived in Bilbao following its world premiere at the 21st In-Edit Festival in Barcelona, in the Panorama Nacional section. It has been scheduled in ZINEBI\u2019s Bertoko Begiradak \u2013 Views from the Basque Country section for short films and documentaries with Basque reality as the central theme, and this year the section contains 20 shorts and 6 feature films.\r\n\r\nFollowing a screening this morning for journalists at Golem Alh\u00f3ndiga, the film\u2019s director J. Alberto Andr\u00e9s Lacasta and the subject of the film, Manolo Kabezabolo, met the media afterwards.\r\n\r\nThe film, which is backed by the Zaragoza Provincial Council, Zaragoza Town Hall and Arag\u00f3n TV, presents Manuel M\u00e9ndez, better known as Manolo Kabezabolo, a punk artiste who, in a rather implausible scenario, has moved through time, space and a range of fashions, without losing sight of his essences and principles, to become a countercultural icon.\r\n\r\nThe artiste in this story is accompanied by Albert Pl\u00e1 (singer), Kutxi Romero (singer with Marea), Evaristo P\u00e1ramos (singer), Cristina Morales (writer), Santi Ric (former representative), Kike Turr\u00f3n (musician and music reporter), Kike Babas (singer and writer), Nacho Tajahuerce (poet), Rakel Winchester (singer), Manolo Monz\u00f3n (former manager), Jaume AOS Sanuy (former road manager), Jaume Esteve (former manager), Rafa Trigos (former representative), Pilar Albiac (road manager) and Fernando Madina (singer with Reincidentes).\r\n\r\nThe film\u2019s director has admitted that \u201cManolo Kabezabolo forms an indissoluble part of my youth, and I grew up listening to him and going to his concerts, I knew all about his urban legends, his outrageousness and also all his poetry, and that was what turned me into one of his lads for good, right up to the present day. Meeting up with him again after almost thirty years and swapping secrets as we move towards the future is still an astounding experience\u201d.\r\n\r\n<div class=\"fake-h3\"><h6>DOCUMENTARY FILMS ON PLATFORMS<\/h6><\/div>\r\nTomorrow, Wednesday 15 November, ZINEBI presents the forum Documentary Films, Documentary Series and Platforms, a professional event to reflect on the space occupied by documentary cinema on various State audiovisual content platforms.\r\n\r\nIt will kick off with a showcase in which director El\u00edas Le\u00f3n Siminiani will be explaining his experience in documentary series: for example, <em>El caso Asunta: Operaci\u00f3n Nen\u00fafar <\/em>(2017, for A3Media) and <em>El caso Alc\u00e0sser <\/em>(2019, for Netflix) and his upcoming work: <em>El circo de los muchachos<\/em> (2023, for Amazon Prime Video). Afterwards, representatives of various platforms and televisions (EITB Primeran, Filmin, RTVE and Movistar, among others) will take part in a round table moderated by ECAM\u2019s Coordinator of International Seminars and Encounters, Cecilia Barrionuevo.\r\n\r\nBy way of a new feature this year, ZINEBI will be extending its screenings to the free digital platform EITB Primeran, to offer all members of the public a selection of Basque-produced films, already screened at the Festival in previous years. This year ZINEBI has also maintained its special collection on the audiovisual content platform FILMIN, with dozens of films already screened at previous Festivals. \r\n\r\n<div class=\"fake-h3\"><h6>TRABAJAR CON (Y DESDE) EL ARCHIVO<\/h6><\/div>\r\nZINEBI\u2019s Working with (and from) the archives, tomorrow at 16:30 h in Azkuna Zentroa (Sala Bastida), sets out to publicise and showcase the work of organisations which classify, research and retrieve audiovisual heritage material.\r\n\r\nIt will be attended by the director of Filmoteca Espa\u00f1ola Valeria Camporesi; the co-curator of A\/Z Zulueta In\u00e9dito Miguel Fern\u00e1ndez Labayen; the main researcher on the joint research project with the El\u00edas Querejeta Zine Eskola (EQZE) in the ZINEBI deposit at Filmoteca Vasca, Santiago Aguilar; filmmaker and academic director of EQZE Carlos Muguiro; coordinator of the San Sebasti\u00e1n Film Festival archive project Pablo La Parra P\u00e9rez; and Pablo Maravi and Libe Belandia, representing the research project VideoFlux (UPV\/EHU \u2013 University of the Basque Country), focusing on the Basque videoart audiovisual archives.\r\n\r\nAfter the event, participants will be able to watch the last programme in the A\/Z Zulueta In\u00e9dito cycle, number 7. Apuntes y bocetos. With a running time of 89 minutes, this programme ponders on how far Iv\u00e1n Zulueta\u2019s work could have gone, through a number of intuitive suggestions as to the direction his career could have taken.\r\n\r\nThe seventh programme features the following works:\r\n\r\n<ul><li><em>Kodak Virg Virg<\/em><\/li>\r\n<li><em>Chicago<\/em> 1980<\/li>\r\n<li><em>ReyesEtcAcuariumVersionCompleta<\/em> (c. 1975)<\/li>\r\n<li><em>Fuegos Artificiales Foco Proyector apto. Con Burbana avispa bombilla filamento Poti<\/em> (1971-1976)<\/li>\r\n<li><em>Materiales originales de Amalgama<\/em> (c. 1975)<\/li>\r\n<li><em>Nenes<\/em> (c. 1972)<\/li>\r\n<li><em>Cine Album Kodak 6<\/em> (1969-1975)<\/li>\r\n<li><em>TitulosMiEgoEsta RefilmacionIrureta IRURETA REMAKE MAL<\/em> (1975-1987)<\/li><\/ul>","protected":false},"excerpt":{"rendered":"<p>ZINEBI \u2013 International Festival of Documentary and Short Film of Bilbao \u2013 organised by Bilbao Town Hall \u2013 is hosting the presentation of the film Manolo Kabezabolo (Si todav\u00eda te kedan dientes es ke no estuviste ah\u00ed), directed by Huesca filmmaker J. Alberto Andr\u00e9s Lacasta and produced by Du Cardelin Studio. The film, which can [&hellip;]<\/p>\n","protected":false},"author":2,"featured_media":26053,"comment_status":"closed","ping_status":"closed","sticky":false,"template":"","format":"standard","meta":{"_acf_changed":false,"footnotes":""},"categories":[377],"tags":[],"class_list":["post-26057","post","type-post","status-publish","format-standard","has-post-thumbnail","hentry","category-uncategorized"],"acf":[],"_links":{"self":[{"href":"https:\/\/zinebi.eus\/en\/wp-json\/wp\/v2\/posts\/26057","targetHints":{"allow":["GET"]}}],"collection":[{"href":"https:\/\/zinebi.eus\/en\/wp-json\/wp\/v2\/posts"}],"about":[{"href":"https:\/\/zinebi.eus\/en\/wp-json\/wp\/v2\/types\/post"}],"author":[{"embeddable":true,"href":"https:\/\/zinebi.eus\/en\/wp-json\/wp\/v2\/users\/2"}],"replies":[{"embeddable":true,"href":"https:\/\/zinebi.eus\/en\/wp-json\/wp\/v2\/comments?post=26057"}],"version-history":[{"count":2,"href":"https:\/\/zinebi.eus\/en\/wp-json\/wp\/v2\/posts\/26057\/revisions"}],"predecessor-version":[{"id":26064,"href":"https:\/\/zinebi.eus\/en\/wp-json\/wp\/v2\/posts\/26057\/revisions\/26064"}],"wp:featuredmedia":[{"embeddable":true,"href":"https:\/\/zinebi.eus\/en\/wp-json\/wp\/v2\/media\/26053"}],"wp:attachment":[{"href":"https:\/\/zinebi.eus\/en\/wp-json\/wp\/v2\/media?parent=26057"}],"wp:term":[{"taxonomy":"category","embeddable":true,"href":"https:\/\/zinebi.eus\/en\/wp-json\/wp\/v2\/categories?post=26057"},{"taxonomy":"post_tag","embeddable":true,"href":"https:\/\/zinebi.eus\/en\/wp-json\/wp\/v2\/tags?post=26057"}],"curies":[{"name":"wp","href":"https:\/\/api.w.org\/{rel}","templated":true}]}}