 {"id":15126,"date":"2022-11-13T08:08:31","date_gmt":"2022-11-13T08:08:31","guid":{"rendered":"https:\/\/zinebi.eus\/eu\/albisteak\/zinebi-reune-en-bilbao-a-mas-de-una-veintena-de-directoras-y-programadoras-de-festivales-internacionales-de-cine"},"modified":"2022-11-14T08:13:02","modified_gmt":"2022-11-14T08:13:02","slug":"zinebi-reune-en-bilbao-a-mas-de-una-veintena-de-directoras-y-programadoras-de-festivales-internacionales-de-cine","status":"publish","type":"post","link":"https:\/\/zinebi.eus\/eu\/albisteak\/zinebi-reune-en-bilbao-a-mas-de-una-veintena-de-directoras-y-programadoras-de-festivales-internacionales-de-cine","title":{"rendered":"ZINEBIK NAZIOARTEKO ZINEMA JAIALDIETAKO HOGEI ZUZENDARI ETA PROGRAMATZAILE BAINO GEHIAGO BILDU DITU BILBON"},"content":{"rendered":"<a href=\"https:\/\/zinebi.eus\/\"><strong>ZINEBI \u2013 Bilboko Dokumentalen eta Film Laburren Nazioarteko Jaialdia<\/strong><\/a>k, Bilboko Udalak antolatuta, mundu osoko zinema-jaialdietako hogei bat programatzaile eta zuzendari baino gehiago bildu ditu gaur goizean Azkuna Zentroko Bastida Aretoan, Jaialdiak sustatutako topaketa batean, <strong>zinema-lehiaketen nazioarteko panoraman emakumeek bizi duten egoerari buruz hausnartzeko.<\/strong>\r\n\r\n<strong>\u201cEmakumeak zinemaren jaialdietan\u2026 non gaude?\u201d <\/strong>izenburupean, ZINEBIk aukera eman die hainbat herrialdetatik iritsitako profesionalei, publiko orokorraren aurrean, beren iritziak partekatzeko. \u00a0Zentzu horretan, <strong>Maria Zafra<\/strong> (Dones Nazioarteko Films Mostra) topaketako moderatzailekideak honakoa gogorarazi nahi izan du: \u201csektore honetan lan egiten dugun guztiok dakigu ekoizpeneko, komunikazioko, kopien kudeaketako, gonbidatuei arreta emateko, protokoloko eta zinemaldietako beste arlo batzuetako talde gehienak emakumeek osatzen dituztela\u201d.\r\n\r\nGaurko topaketan, ordea, planteatzen zen ea \u201czer gertatzen den jaialdi horietako zuzendaritza postuei eta programazio taldeei erreparatuz gero\u201d. Vanesa Fernandez ZINEBIko zuzendariaz gain, honako hauek izan dira gaur Bilbon: <strong>Maialen Beloki<\/strong>, Donostia Zinemaldiko \u2013 SSIFFeko zuzendariordea; <strong>Hilke Doering<\/strong>, Oberhausengo (Alemania) Film Laburren Nazioarteko Jaialdiko arduraduna; <strong>Joana Sousa<\/strong>, Doclisboako (Portugal) zuzendarikidea; <strong>Charlotte Serrand<\/strong>, Roche-sur-Yoneko (Frantzia) Nazioarteko Zinemaldiko zuzendaria; <strong>Alejandra Trelles Cervetto<\/strong>, Uruguaiko Nazioarteko Zinema Jaialdiko zuzendari artistikoa (Uruguai); <strong>Gina Petropoulou<\/strong>, Peloponesoko (Grezia) Zinema Dokumentalaren Nazioarteko Jaialdiko zuzendaria; <strong>Anca Caramelea<\/strong>, Ingurumenari eta Pertsonei buruzko Pelicam Nazioarteko Zinemaldiaren programatzailea (Errumania); <strong>Anette Dujisin<\/strong>, Veneziako (Italia) Kritikaren Nazioarteko Astearen programatzailea eta gaur egun FILMIN Portugalen kudeatzailea; <strong>Estela Rasal<\/strong>, Huescako Nazioarteko Jaialdiko zuzendaria; <strong>Mane Cisneros<\/strong>, Afrikako Zinema Jaialdiko zuzendaria \u2013 FCAT (Tarifa); <strong>Ana Dom\u00ednguez<\/strong>, (S8) Mostra de Cinema Perif\u00e9rico zuzendarikidea (A Coru\u00f1a); <strong>Gabriela Mart\u00ed<\/strong>, RIZOMA Jaialdiko zuzendaria (Madril); <strong>Alaitz Arenzana<\/strong>, Zinegoak \u2013 Bilboko Gaylesbitrans Nazioarteko Zinema eta Arte Eszenikoen Jaialdiako zuzendaria; <strong>Eva Rivera<\/strong>, Dock of the Bay \u2013Donostiako Dokumental Jaialdiko zuzendaria; <strong>Ana Guti\u00e9rrez<\/strong>, Zinemakumeak Gara \u2013 Emakumeek zuzendutako zinema erakustaldiako zuzendaria (Bilbo); <strong>Garbi\u00f1e Ortega<\/strong>, Punto de Vista jaialdiko komisarioa eta zuzendari ohia (Iru\u00f1ea); <strong>Izaskun Arandia<\/strong> eta <strong>Kristina Zorita<\/strong>, (H)emen Ikus-entzunezkoen emakumeen elkarteko presidenteak; eta <strong>Mar\u00eda Zafra<\/strong>, <strong>Marta Selva<\/strong> eta <strong>Anna Sol\u00e0<\/strong>, Nazioarteko Mostra de Films de Dones Jaialdiko kideak (Bartzelona).\r\n\r\n\u00a0\r\n\r\n<strong><u>ZINEMAGILE BERRIAK AZKUNA ZENTROAN<\/u><\/strong>\r\n\r\nZINEBIren Sail Ofizialaren barruan, <strong>In\u00eas Teixeira Alves<\/strong> zuzendari portugaldarraren lehenengo film luzeak ikusgai izango dira Bilbo, \u201cWaters of Pastaza\u201d (Ekuadorren barruan filmatutako eta aurreko Berlinalen estreinatutako dokumentala) tartean. Gainera, <strong>Du\u0161an Zoriillok eta Matija Glu\u0161evitek <\/strong>osatutako bikotearen lehen film luzeak ere ekarriko ditu Bilbora Zinebi First Filmek, esate baretako, \u201cHave You Seen This Woman\u201d (duela bi hilabete aurkeztu zen mundu osoan, Veneziako Kritikaren Nazioarteko Astean). Zinegileek Golem Alh\u00f3ndiga zinema-aretoetanaurkeztuko dituzte igande honetako saioak eta, gainera, ikusleekin hitz egiteko aukera ere izango dute.\r\n\r\nArratsaldean, halaber, Nazioarteko Film Laburren Lehiaketaren proiekzioek aurrera jarraitzen dute Azkuna Zentroko \u2013 Alh\u00f3ndiga Bilbaoko Auditorioan. Besteak beste, honako film labur hauen estreinaldiak ikusi ahal izango dira Estatuan: <strong>Christian Avil\u00e9sen<\/strong> \u201cLa herida luminosa\u201d (fikzioa), <strong>Mathis Raymond eta Marguerite Thiam Donnadieu<\/strong>-ren \u201cLes primates\u201d film frantsesa (fikzioa), <strong>Ana Vijdea<\/strong> zuzendari errumaniarraren \u201cMay the Earth Become the Sky\u201d (dokumentala) edo \u201cSonnenstube\u201d, <strong>Davide Palellaren<\/strong> dokumental italiarra. Zinegile eta zuzendariek jendaurrean aurkeztuko \u00a0dituzte proiekzio hauek.\r\n\r\n<strong>Jaialdiaren prentsa materiala <\/strong><a href=\"https:\/\/hodei.bilbao.eus\/index.php\/s\/JpQJ5JfWijtDgsn\"><strong>esteka honetan<\/strong><\/a><strong> kontsulta daiteke.<\/strong>","protected":false},"excerpt":{"rendered":"<p>ZINEBI \u2013 Bilboko Dokumentalen eta Film Laburren Nazioarteko Jaialdiak, Bilboko Udalak antolatuta, mundu osoko zinema-jaialdietako hogei bat programatzaile eta zuzendari baino gehiago bildu ditu gaur goizean Azkuna Zentroko Bastida Aretoan, Jaialdiak sustatutako topaketa batean, zinema-lehiaketen nazioarteko panoraman emakumeek bizi duten egoerari buruz hausnartzeko. \u201cEmakumeak zinemaren jaialdietan\u2026 non gaude?\u201d izenburupean, ZINEBIk aukera eman die hainbat herrialdetatik [&hellip;]<\/p>\n","protected":false},"author":2,"featured_media":15123,"comment_status":"closed","ping_status":"closed","sticky":false,"template":"","format":"standard","meta":{"_acf_changed":false,"footnotes":""},"categories":[376],"tags":[],"class_list":["post-15126","post","type-post","status-publish","format-standard","has-post-thumbnail","hentry","category-albisteak"],"acf":[],"_links":{"self":[{"href":"https:\/\/zinebi.eus\/eu\/wp-json\/wp\/v2\/posts\/15126","targetHints":{"allow":["GET"]}}],"collection":[{"href":"https:\/\/zinebi.eus\/eu\/wp-json\/wp\/v2\/posts"}],"about":[{"href":"https:\/\/zinebi.eus\/eu\/wp-json\/wp\/v2\/types\/post"}],"author":[{"embeddable":true,"href":"https:\/\/zinebi.eus\/eu\/wp-json\/wp\/v2\/users\/2"}],"replies":[{"embeddable":true,"href":"https:\/\/zinebi.eus\/eu\/wp-json\/wp\/v2\/comments?post=15126"}],"version-history":[{"count":1,"href":"https:\/\/zinebi.eus\/eu\/wp-json\/wp\/v2\/posts\/15126\/revisions"}],"predecessor-version":[{"id":15128,"href":"https:\/\/zinebi.eus\/eu\/wp-json\/wp\/v2\/posts\/15126\/revisions\/15128"}],"wp:featuredmedia":[{"embeddable":true,"href":"https:\/\/zinebi.eus\/eu\/wp-json\/wp\/v2\/media\/15123"}],"wp:attachment":[{"href":"https:\/\/zinebi.eus\/eu\/wp-json\/wp\/v2\/media?parent=15126"}],"wp:term":[{"taxonomy":"category","embeddable":true,"href":"https:\/\/zinebi.eus\/eu\/wp-json\/wp\/v2\/categories?post=15126"},{"taxonomy":"post_tag","embeddable":true,"href":"https:\/\/zinebi.eus\/eu\/wp-json\/wp\/v2\/tags?post=15126"}],"curies":[{"name":"wp","href":"https:\/\/api.w.org\/{rel}","templated":true}]}}